{"id":1911,"date":"2026-03-26T11:13:55","date_gmt":"2026-03-26T10:13:55","guid":{"rendered":"https:\/\/panotv.de\/?p=1911"},"modified":"2026-04-21T16:42:51","modified_gmt":"2026-04-21T14:42:51","slug":"yerel-pazarlamada-mikro-hedefleme-kuecuek-topluluklar-ekonomik-acidan-neden-bu-kadar-ilgi-cekicidir","status":"publish","type":"post","link":"https:\/\/panotv.de\/tr\/blog\/yerel-pazarlamada-mikro-hedefleme-kuecuek-topluluklar-ekonomik-acidan-neden-bu-kadar-ilgi-cekicidir\/","title":{"rendered":"Yerel Pazarlamada Mikro Hedefleme: K\u00fc\u00e7\u00fck topluluklar ekonomik a\u00e7\u0131dan neden bu kadar ilgi \u00e7ekicidir?"},"content":{"rendered":"<p>Pazarlama genellikle geni\u015f eri\u015fim odakl\u0131 d\u00fc\u015f\u00fcn\u00fcl\u00fcr. Reklam\u0131n m\u00fcmk\u00fcn oldu\u011funca \u00e7ok ki\u015fi taraf\u0131ndan fark edilmesi istenir; ancak bu durum uygulamada, ki\u015filerin b\u00fcy\u00fck bir k\u0131sm\u0131n\u0131n bu mesaj\u0131 kendilerine hitap ediyor gibi hissetmemesi nedeniyle reklam israf\u0131na yol a\u00e7ar. Bu nedenle mikro hedefleme bilin\u00e7li olarak farkl\u0131 bir yakla\u015f\u0131m izler. Geni\u015f kitlelere ula\u015fmak yerine, bu strateji bir mahalle veya dar bir \u00e7evre i\u00e7indeki daha k\u00fc\u00e7\u00fck, net bir \u015fekilde tan\u0131mlanm\u0131\u015f topluluklara odaklan\u0131r.   <\/p>\n<h2>Pazarlamada mikro hedefleme ne anlama gelir?<\/h2>\n<p><a href=\"https:\/\/www.marketinginstitut.biz\/blog\/microtargeting\/\"><strong>Mikro hedefleme<\/strong><\/a> terimi, <strong>reklam mesajlar\u0131n\u0131n bilin\u00e7li olarak \u00e7ok k\u00fc\u00e7\u00fck ve net bir \u015fekilde tan\u0131mlanm\u0131\u015f bir hedef kitleye y\u00f6nlendirildi\u011fi<\/strong> bir pazarlama stratejisini tan\u0131mlar. Bu strateji, yaya b\u00f6lgesindeki bir afi\u015f gibi geni\u015f bir kitleye hitap etmek yerine, <strong>ortak \u00f6zelliklere sahip gruplara<\/strong> odaklan\u0131r. Bunlar \u00f6zel ilgi alanlar\u0131, bir ya\u015fam tarz\u0131 veya k\u00fclt\u00fcrel bir altyap\u0131 olabilir.  <\/p>\n<h3>Klasik hedef kitle yakla\u015f\u0131m\u0131ndan fark\u0131 nedir?<\/h3>\n<p>Temel ay\u0131rt edici \u00f6zellik her \u015feyden \u00f6nce do\u011fruluk pay\u0131d\u0131r. Geleneksel reklamc\u0131l\u0131k \u00f6rne\u011fin \u201c25-45 ya\u015f aras\u0131 erkekler\u201d veya \u201c\u00e7ocuklu aileler\u201de y\u00f6neliktir. <strong>Mikro hedefleme<\/strong> burada \u00e7ok daha hassas bir ayar yapar ve <strong>\u00f6rne\u011fin somut ya\u015fam alanlar\u0131n\u0131<\/strong>, sosyal bulu\u015fma noktalar\u0131n\u0131 veya belirli topluluklar\u0131 dikkate al\u0131r.  <\/p>\n<p>Bu yakla\u015f\u0131m \u00f6zellikle <a href=\"https:\/\/t3n.de\/news\/lokales-marketing-einsteiger-1615795\/\">yerel pazarlamada<\/a> \u00f6nemli bir rol oynar. \u015eirketler mesajlar\u0131n\u0131, \u00f6rne\u011fin bir mahalle i\u00e7indeki s\u00fcpermarketler, kafeler, berberler veya dernek odalar\u0131 gibi belirli yerleri d\u00fczenli olarak ziyaret eden ki\u015filere hedefli bir \u015fekilde y\u00f6nlendirebilirler. B\u00f6ylece reklam art\u0131k tesad\u00fcfen fark edilmez, aksine tam da ilgili hedef kitlenin ger\u00e7ekten bulundu\u011fu yerlerde g\u00f6r\u00fcn\u00fcr.  <\/p>\n<h2>K\u00fc\u00e7\u00fck topluluklar \u015firketler i\u00e7in neden \u00f6zellikle de\u011ferlidir?<\/h2>\n<p><strong>K\u00fc\u00e7\u00fck topluluklar<\/strong> genellikle <strong>ortak ilgi alanlar\u0131na<\/strong>, benzer de\u011ferlere veya k\u00fclt\u00fcrel ge\u00e7mi\u015flere sahiptir. Bu durum, o grup i\u00e7indeki insanlar aras\u0131nda g\u00fc\u00e7l\u00fc bir sosyal ba\u011f olu\u015fturur. \u015eirketler i\u00e7in bu \u015fu anlama gelir: Mesajlar, bilgilerin aktif olarak birbiriyle payla\u015f\u0131ld\u0131\u011f\u0131 bir ortama ula\u015f\u0131r.  <\/p>\n<p>Ayr\u0131ca bir\u00e7ok <strong>topluluk kendi i\u00e7inde a\u011f halindedir<\/strong>. Burada tavsiyeler \u00f6nemli bir rol oynar; kafede, s\u00fcpermarkette al\u0131\u015fveri\u015f yaparken veya dernek toplant\u0131lar\u0131nda birbirleriyle sohbete dalarlar. Bu a\u011flar i\u00e7inde g\u00f6r\u00fcn\u00fcr hale gelen teklifler, bu nedenle anonim kitlesel ortamlara g\u00f6re genellikle daha h\u0131zl\u0131 yay\u0131l\u0131r.  <\/p>\n<p><strong>Bu durum \u015firketler i\u00e7in \u00e7e\u015fitli avantajlar sa\u011flar:<\/strong><\/p>\n<ul>\n<li>Topluluk i\u00e7indeki ortak de\u011ferler, bir reklam mesaj\u0131n\u0131n alaka d\u00fczeyini art\u0131r\u0131r<\/li>\n<li>Ki\u015finin kendi \u00e7evresinden gelen tavsiyeler, anonim reklamlardan daha g\u00fc\u00e7l\u00fc bir etki b\u0131rak\u0131r<\/li>\n<li>Teklifler, hedef kitlenin ya\u015fam ger\u00e7ekli\u011fine uygun oldu\u011funda daha bilin\u00e7li bir \u015fekilde alg\u0131lan\u0131r<\/li>\n<li>Markalar tan\u0131d\u0131k bir ortamda mevcut oldu\u011fu i\u00e7in g\u00fcven daha h\u0131zl\u0131 olu\u015fur<\/li>\n<\/ul>\n<p>\u00d6zellikle sosyal yak\u0131nl\u0131k, g\u00fcven ve d\u00fczenli bulu\u015fma noktalar\u0131n\u0131n bu kombinasyonu, k\u00fc\u00e7\u00fck topluluklar\u0131 \u015firketler i\u00e7in ekonomik a\u00e7\u0131dan \u00f6zellikle ilgi \u00e7ekici k\u0131lmaktad\u0131r. Reklam burada sadece \u00e7ok say\u0131da insana de\u011fil, her \u015feyden \u00f6nce do\u011fru ki\u015filere ula\u015f\u0131r. <\/p>\n<h2>Mikro Hedeflemenin Ekonomik Avantaj\u0131: Daha az reklam israf\u0131, daha b\u00fcy\u00fck etki<\/h2>\n<p><strong>Mikro hedeflemenin ekonomik avantaj\u0131<\/strong>, reklam\u0131n art\u0131k sadece m\u00fcmk\u00fcn olan en geni\u015f eri\u015fime de\u011fil, <strong>alaka d\u00fczeyine<\/strong> odaklanmas\u0131ndan kaynaklan\u0131r. Mikro hedefleme, bir teklifin ger\u00e7ekten ilgi \u00e7ekici oldu\u011fu hedef kitlelere odaklan\u0131r. Bu sayede, bir reklam mesaj\u0131n\u0131 g\u00f6ren ancak kendisiyle bir ba\u011f kuramad\u0131\u011f\u0131 i\u00e7in onu hi\u00e7 alg\u0131lamayan ki\u015filerin oran\u0131 d\u00fc\u015fer.  <\/p>\n<p>Di\u011fer bir avantaj ise <strong>reklam\u0131n alg\u0131land\u0131\u011f\u0131 ba\u011flamdan<\/strong> kaynaklan\u0131r. Mesajlar hedef kitlenin ya\u015fam ger\u00e7ekli\u011fine uygun bir ortamda g\u00f6r\u00fcnd\u00fc\u011f\u00fcnde, bilin\u00e7li olarak kaydedilirler. \u0130nsanlar do\u011frudan \u00e7evrelerinden gelen bilgilere a\u00e7\u0131k olduklar\u0131 bir durumda olduklar\u0131 i\u00e7in dikkat daha y\u00fcksektir.  <\/p>\n<p>\u00d6zellikle <strong>k\u00fc\u00e7\u00fck ve orta \u00f6l\u00e7ekli i\u015fletmeler<\/strong>, <strong>reklam b\u00fct\u00e7elerini<\/strong> <strong>bu sayede \u00e7ok daha iyi kullanabilirler<\/strong>. B\u00fct\u00e7e, tepki verme olas\u0131l\u0131\u011f\u0131n\u0131n \u00e7ok daha y\u00fcksek oldu\u011fu reklam g\u00f6sterimlerine aktar\u0131l\u0131r. <\/p>\n<p><img fetchpriority=\"high\" decoding=\"async\" class=\"aligncenter wp-image-1901 size-full\" src=\"https:\/\/panotv.de\/wp-content\/uploads\/2026\/03\/Blog_Micro-Targeting-im-lokalen-Marketing_v2.webp\" alt=\"Panotv reklamlar\u0131, Berlin\u2019de yerel ya\u015fam alanlar\u0131nda sunulmaktad\u0131r.\" width=\"850\" height=\"300\" srcset=\"https:\/\/panotv.de\/wp-content\/uploads\/2026\/03\/Blog_Micro-Targeting-im-lokalen-Marketing_v2.webp 850w, https:\/\/panotv.de\/wp-content\/uploads\/2026\/03\/Blog_Micro-Targeting-im-lokalen-Marketing_v2-300x106.webp 300w, https:\/\/panotv.de\/wp-content\/uploads\/2026\/03\/Blog_Micro-Targeting-im-lokalen-Marketing_v2-768x271.webp 768w\" sizes=\"(max-width: 850px) 100vw, 850px\" \/><\/p>\n<h2>Ba\u015far\u0131l\u0131 Mikro Hedefleme \u0130\u00e7in Anahtar Olarak Topluluk Mekanlar\u0131<\/h2>\n<p><strong>Topluluk mekanlar\u0131 mikro hedeflemede merkezi bir rol oynar<\/strong>, \u00e7\u00fcnk\u00fc insanlar buralarda d\u00fczenli olarak bulunur ve birbirleriyle ileti\u015fim kurarlar. Bu bulu\u015fma noktalar\u0131 g\u00fcnl\u00fck ya\u015fam\u0131n bir par\u00e7as\u0131d\u0131r ve bir\u00e7ok ziyaret\u00e7i i\u00e7in b\u00fcy\u00fck bir sosyal \u00f6neme sahiptir. Bu ortamda g\u00f6r\u00fcn\u00fcr hale gelen bilgiler ve teklifler, bu nedenle halihaz\u0131rda tan\u0131d\u0131k bir ba\u011flamda hareket eden bir kitleye ula\u015f\u0131r.  <\/p>\n<p>Bu t\u00fcr yerler \u015firketler i\u00e7in bu nedenle \u00f6zellikle ilgi \u00e7ekicidir. Burada sabit bir ziyaret\u00e7i s\u0131kl\u0131\u011f\u0131 vard\u0131r ve hedef kitle net bir \u015fekilde tan\u0131mlanm\u0131\u015ft\u0131r. Reklam bu yerlerdeki insanlara tesad\u00fcfen de\u011fil, tam da vakit ge\u00e7irmekten ho\u015fland\u0131klar\u0131 ve \u00e7evrelerinden gelen bilgilere a\u00e7\u0131k olduklar\u0131 alanlarda ula\u015f\u0131r.  <\/p>\n<p><a href=\"https:\/\/panotv.de\/#zielgruppen\"><strong>Tipik topluluk merkezleri<\/strong><\/a><strong> \u015funlard\u0131r:<\/strong><\/p>\n<ul>\n<li>Yerel s\u00fcpermarketler<\/li>\n<li>Kafeler ve restoranlar<\/li>\n<li>Berberler ve kuaf\u00f6r salonlar\u0131<\/li>\n<li>K\u00fclt\u00fcr dernekleri<\/li>\n<li>Camiler<\/li>\n<\/ul>\n<h2>Reklam tan\u0131d\u0131k bir ortamda neden daha g\u00fc\u00e7l\u00fc etki eder?<\/h2>\n<p>Reklam, insanlar\u0131n halihaz\u0131rda bildi\u011fi ve g\u00fcvendi\u011fi bir ortamda g\u00f6r\u00fcnd\u00fc\u011f\u00fcnde <strong>daha g\u00fc\u00e7l\u00fc bir etki<\/strong> yarat\u0131r. Tan\u0131d\u0131k alanlarda reklam mesajlar\u0131na kar\u015f\u0131 \u015f\u00fcphe azal\u0131r, \u00e7\u00fcnk\u00fc bunlar daha ziyade ki\u015finin kendi \u00e7evresinden gelen bir bilgi olarak yorumlan\u0131r. <\/p>\n<p>Buna ek olarak, insanlar bu t\u00fcr yerlerde halka a\u00e7\u0131k caddelere k\u0131yasla <strong>daha fazla zaman ge\u00e7irirler<\/strong>. Bu durum, insanlar\u0131n bu i\u00e7eriklerle bilin\u00e7li olarak ilgilenme olas\u0131l\u0131\u011f\u0131n\u0131 da otomatik olarak art\u0131r\u0131r. <\/p>\n<h2>Firmalar mikro hedeflemeyi nas\u0131l uygulayabilirler?<\/h2>\n<p>\u015eirketler, <strong>reklamlar\u0131n\u0131 hedef kitlelerinin ya\u015fam alanlar\u0131na hedefli bir \u015fekilde yerle\u015ftirerek<\/strong> <strong>mikro hedeflemeyi<\/strong> uygulayabilirler. Pano TV tam da bu konuda uzmanla\u015fm\u0131\u015ft\u0131r. \u015eirket, topluluk lokasyonlar\u0131na dijital reklam ekranlar\u0131 kurmakta ve reklam veren \u015firketlerin reklam mesajlar\u0131n\u0131 buralarda hedefli bir \u015fekilde yay\u0131nlamalar\u0131na olanak tan\u0131maktad\u0131r.  <\/p>\n<p>Uygulama olduk\u00e7a basittir. K\u0131sa bir reklam filmi veya animasyonlu bir grafik, merkezi sistem \u00fczerinden ekranlarda yay\u0131nlan\u0131r. \u0130\u00e7erikler rotasyon prensibiyle g\u00f6r\u00fcn\u00fcr, b\u00f6ylece ziyaret\u00e7iler mesaj\u0131 g\u00fcnde birka\u00e7 kez g\u00f6r\u00fcrler.  <\/p>\n<p><a href=\"https:\/\/panotv.de\/#preise\">Fiyatland\u0131rma<\/a> a\u00e7\u0131s\u0131ndan mikro hedefleme modeli bilin\u00e7li olarak d\u00fc\u015f\u00fck e\u015fikli tasarlanm\u0131\u015ft\u0131r. Pano TV \u00fczerinden reklamlar ayl\u0131k net 90 \u20ac&#8217;dan ba\u015flamaktad\u0131r. Bir reklam filmi her birka\u00e7 dakikada bir sabit bir frekansta yay\u0131nlan\u0131r, b\u00f6ylece g\u00fcnde birka\u00e7 y\u00fcz g\u00f6rsel temas m\u00fcmk\u00fcnd\u00fcr. Kullan\u0131m s\u00fcresi, uzun vadeli bir taahh\u00fct olmaks\u0131z\u0131n bir aydan itibaren rezerve edilebilir.   <\/p>\n<p><strong>\u015eirketler Pano TV ile yerel mikro hedeflemeye kolay bir eri\u015fim sa\u011flar ve reklamlar\u0131n\u0131 ilgili topluluklar\u0131n g\u00fcnl\u00fck ya\u015famda bir araya geldi\u011fi yerlere yerle\u015ftirebilirler. Topluluk pazarlamas\u0131 ve <\/strong><a href=\"https:\/\/panotv.de\/tr\/blog\/etnik-pazarlama-nedir-ve-guenuemuezde-neden-her-zamankinden-daha-oenemli\/\"><strong>etnik pazarlama<\/strong><\/a><strong> ile ilgilenenler, do\u011frudan ilk <\/strong><a href=\"https:\/\/panotv.de\/#kontakt\"><strong>reklam kampanyalar\u0131n\u0131 ba\u015flatabilirler<\/strong><\/a><strong>. <\/strong> <\/p>\n","protected":false},"excerpt":{"rendered":"<p>Pazarlama genellikle geni\u015f eri\u015fim odakl\u0131 d\u00fc\u015f\u00fcn\u00fcl\u00fcr. Reklam\u0131n m\u00fcmk\u00fcn oldu\u011funca \u00e7ok ki\u015fi taraf\u0131ndan fark edilmesi istenir; ancak bu durum uygulamada, ki\u015filerin b\u00fcy\u00fck bir k\u0131sm\u0131n\u0131n bu mesaj\u0131 kendilerine hitap ediyor gibi hissetmemesi nedeniyle reklam israf\u0131na yol a\u00e7ar. Bu nedenle mikro hedefleme bilin\u00e7li olarak farkl\u0131 bir yakla\u015f\u0131m izler. Geni\u015f kitlelere ula\u015fmak yerine, bu strateji bir mahalle veya dar [&hellip;]<\/p>\n","protected":false},"author":4,"featured_media":1910,"comment_status":"open","ping_status":"open","sticky":false,"template":"","format":"standard","meta":{"footnotes":""},"categories":[35],"tags":[],"class_list":["post-1911","post","type-post","status-publish","format-standard","has-post-thumbnail","hentry","category-etnik-pazarlama"],"yoast_head":"<!-- This site is optimized with the Yoast SEO plugin v25.9 - https:\/\/yoast.com\/wordpress\/plugins\/seo\/ -->\n<title>Pazarlamada Mikro Hedefleme: Yerel firmalar i\u00e7in f\u0131rsatlar<\/title>\n<meta name=\"description\" content=\"K\u00fc\u00e7\u00fck topluluklar, reklam veren \u015firketler i\u00e7in ilgi \u00e7ekicidir \u00e7\u00fcnk\u00fc daha az reklam israf\u0131 olu\u015fur. Mikro hedefleme hakk\u0131nda daha fazlas\u0131n\u0131 buradan okuyunuz.\" \/>\n<meta name=\"robots\" content=\"index, follow, max-snippet:-1, max-image-preview:large, max-video-preview:-1\" \/>\n<link rel=\"canonical\" href=\"https:\/\/panotv.de\/tr\/blog\/yerel-pazarlamada-mikro-hedefleme-kuecuek-topluluklar-ekonomik-acidan-neden-bu-kadar-ilgi-cekicidir\/\" \/>\n<meta property=\"og:locale\" content=\"tr_TR\" \/>\n<meta property=\"og:type\" content=\"article\" \/>\n<meta property=\"og:title\" content=\"Pazarlamada Mikro Hedefleme: Yerel firmalar i\u00e7in f\u0131rsatlar\" \/>\n<meta property=\"og:description\" content=\"K\u00fc\u00e7\u00fck topluluklar, reklam veren \u015firketler i\u00e7in ilgi \u00e7ekicidir \u00e7\u00fcnk\u00fc daha az reklam israf\u0131 olu\u015fur. Mikro hedefleme hakk\u0131nda daha fazlas\u0131n\u0131 buradan okuyunuz.\" \/>\n<meta property=\"og:url\" content=\"https:\/\/panotv.de\/tr\/blog\/yerel-pazarlamada-mikro-hedefleme-kuecuek-topluluklar-ekonomik-acidan-neden-bu-kadar-ilgi-cekicidir\/\" \/>\n<meta property=\"og:site_name\" content=\"Pano Tv\" \/>\n<meta property=\"article:published_time\" content=\"2026-03-26T10:13:55+00:00\" \/>\n<meta property=\"article:modified_time\" content=\"2026-04-21T14:42:51+00:00\" \/>\n<meta property=\"og:image\" content=\"https:\/\/panotv.de\/wp-content\/uploads\/2026\/03\/Blog_Micro-Targeting-im-lokalen-Marketing_v1.webp\" \/>\n\t<meta property=\"og:image:width\" content=\"850\" \/>\n\t<meta property=\"og:image:height\" content=\"565\" \/>\n\t<meta property=\"og:image:type\" content=\"image\/webp\" \/>\n<meta name=\"author\" content=\"eo-admin\" \/>\n<meta name=\"twitter:card\" content=\"summary_large_image\" \/>\n<meta name=\"twitter:label1\" content=\"Yazan:\" \/>\n\t<meta name=\"twitter:data1\" content=\"eo-admin\" \/>\n\t<meta name=\"twitter:label2\" content=\"Tahmini okuma s\u00fcresi\" \/>\n\t<meta name=\"twitter:data2\" content=\"6 dakika\" \/>\n<script type=\"application\/ld+json\" class=\"yoast-schema-graph\">{\"@context\":\"https:\/\/schema.org\",\"@graph\":[{\"@type\":\"WebPage\",\"@id\":\"https:\/\/panotv.de\/tr\/blog\/yerel-pazarlamada-mikro-hedefleme-kuecuek-topluluklar-ekonomik-acidan-neden-bu-kadar-ilgi-cekicidir\/\",\"url\":\"https:\/\/panotv.de\/tr\/blog\/yerel-pazarlamada-mikro-hedefleme-kuecuek-topluluklar-ekonomik-acidan-neden-bu-kadar-ilgi-cekicidir\/\",\"name\":\"Pazarlamada Mikro Hedefleme: Yerel firmalar i\u00e7in f\u0131rsatlar\",\"isPartOf\":{\"@id\":\"https:\/\/panotv.de\/tr\/#website\"},\"primaryImageOfPage\":{\"@id\":\"https:\/\/panotv.de\/tr\/blog\/yerel-pazarlamada-mikro-hedefleme-kuecuek-topluluklar-ekonomik-acidan-neden-bu-kadar-ilgi-cekicidir\/#primaryimage\"},\"image\":{\"@id\":\"https:\/\/panotv.de\/tr\/blog\/yerel-pazarlamada-mikro-hedefleme-kuecuek-topluluklar-ekonomik-acidan-neden-bu-kadar-ilgi-cekicidir\/#primaryimage\"},\"thumbnailUrl\":\"https:\/\/panotv.de\/wp-content\/uploads\/2026\/03\/Blog_Micro-Targeting-im-lokalen-Marketing_v1.webp\",\"datePublished\":\"2026-03-26T10:13:55+00:00\",\"dateModified\":\"2026-04-21T14:42:51+00:00\",\"author\":{\"@id\":\"https:\/\/panotv.de\/tr\/#\/schema\/person\/37950197a07c05516eef50c702ce5e27\"},\"description\":\"K\u00fc\u00e7\u00fck topluluklar, reklam veren \u015firketler i\u00e7in ilgi \u00e7ekicidir \u00e7\u00fcnk\u00fc daha az reklam israf\u0131 olu\u015fur. Mikro hedefleme hakk\u0131nda daha fazlas\u0131n\u0131 buradan okuyunuz.\",\"breadcrumb\":{\"@id\":\"https:\/\/panotv.de\/tr\/blog\/yerel-pazarlamada-mikro-hedefleme-kuecuek-topluluklar-ekonomik-acidan-neden-bu-kadar-ilgi-cekicidir\/#breadcrumb\"},\"inLanguage\":\"tr\",\"potentialAction\":[{\"@type\":\"ReadAction\",\"target\":[\"https:\/\/panotv.de\/tr\/blog\/yerel-pazarlamada-mikro-hedefleme-kuecuek-topluluklar-ekonomik-acidan-neden-bu-kadar-ilgi-cekicidir\/\"]}]},{\"@type\":\"ImageObject\",\"inLanguage\":\"tr\",\"@id\":\"https:\/\/panotv.de\/tr\/blog\/yerel-pazarlamada-mikro-hedefleme-kuecuek-topluluklar-ekonomik-acidan-neden-bu-kadar-ilgi-cekicidir\/#primaryimage\",\"url\":\"https:\/\/panotv.de\/wp-content\/uploads\/2026\/03\/Blog_Micro-Targeting-im-lokalen-Marketing_v1.webp\",\"contentUrl\":\"https:\/\/panotv.de\/wp-content\/uploads\/2026\/03\/Blog_Micro-Targeting-im-lokalen-Marketing_v1.webp\",\"width\":850,\"height\":565,\"caption\":\"Yerel s\u00fcpermarkette mikro hedefleme i\u00e7in Pano TV dijital reklam ekran\u0131\"},{\"@type\":\"BreadcrumbList\",\"@id\":\"https:\/\/panotv.de\/tr\/blog\/yerel-pazarlamada-mikro-hedefleme-kuecuek-topluluklar-ekonomik-acidan-neden-bu-kadar-ilgi-cekicidir\/#breadcrumb\",\"itemListElement\":[{\"@type\":\"ListItem\",\"position\":1,\"name\":\"Ana sayfa\",\"item\":\"https:\/\/panotv.de\/tr\/\"},{\"@type\":\"ListItem\",\"position\":2,\"name\":\"Yerel Pazarlamada Mikro Hedefleme: K\u00fc\u00e7\u00fck topluluklar ekonomik a\u00e7\u0131dan neden bu kadar ilgi \u00e7ekicidir?\"}]},{\"@type\":\"WebSite\",\"@id\":\"https:\/\/panotv.de\/tr\/#website\",\"url\":\"https:\/\/panotv.de\/tr\/\",\"name\":\"PanoTv\",\"description\":\"\",\"potentialAction\":[{\"@type\":\"SearchAction\",\"target\":{\"@type\":\"EntryPoint\",\"urlTemplate\":\"https:\/\/panotv.de\/tr\/?s={search_term_string}\"},\"query-input\":{\"@type\":\"PropertyValueSpecification\",\"valueRequired\":true,\"valueName\":\"search_term_string\"}}],\"inLanguage\":\"tr\"},{\"@type\":\"Person\",\"@id\":\"https:\/\/panotv.de\/tr\/#\/schema\/person\/37950197a07c05516eef50c702ce5e27\",\"name\":\"eo-admin\",\"image\":{\"@type\":\"ImageObject\",\"inLanguage\":\"tr\",\"@id\":\"https:\/\/panotv.de\/tr\/#\/schema\/person\/image\/\",\"url\":\"https:\/\/secure.gravatar.com\/avatar\/25a7e858a7a3c651a8899cbe1bfb982846202615f33a51d4fbac4c29c407f159?s=96&d=mm&r=g\",\"contentUrl\":\"https:\/\/secure.gravatar.com\/avatar\/25a7e858a7a3c651a8899cbe1bfb982846202615f33a51d4fbac4c29c407f159?s=96&d=mm&r=g\",\"caption\":\"eo-admin\"},\"url\":\"https:\/\/panotv.de\/tr\/blog\/author\/eo-admin\/\"}]}<\/script>\n<!-- \/ Yoast SEO plugin. -->","yoast_head_json":{"title":"Pazarlamada Mikro Hedefleme: Yerel firmalar i\u00e7in f\u0131rsatlar","description":"K\u00fc\u00e7\u00fck topluluklar, reklam veren \u015firketler i\u00e7in ilgi \u00e7ekicidir \u00e7\u00fcnk\u00fc daha az reklam israf\u0131 olu\u015fur. Mikro hedefleme hakk\u0131nda daha fazlas\u0131n\u0131 buradan okuyunuz.","robots":{"index":"index","follow":"follow","max-snippet":"max-snippet:-1","max-image-preview":"max-image-preview:large","max-video-preview":"max-video-preview:-1"},"canonical":"https:\/\/panotv.de\/tr\/blog\/yerel-pazarlamada-mikro-hedefleme-kuecuek-topluluklar-ekonomik-acidan-neden-bu-kadar-ilgi-cekicidir\/","og_locale":"tr_TR","og_type":"article","og_title":"Pazarlamada Mikro Hedefleme: Yerel firmalar i\u00e7in f\u0131rsatlar","og_description":"K\u00fc\u00e7\u00fck topluluklar, reklam veren \u015firketler i\u00e7in ilgi \u00e7ekicidir \u00e7\u00fcnk\u00fc daha az reklam israf\u0131 olu\u015fur. Mikro hedefleme hakk\u0131nda daha fazlas\u0131n\u0131 buradan okuyunuz.","og_url":"https:\/\/panotv.de\/tr\/blog\/yerel-pazarlamada-mikro-hedefleme-kuecuek-topluluklar-ekonomik-acidan-neden-bu-kadar-ilgi-cekicidir\/","og_site_name":"Pano Tv","article_published_time":"2026-03-26T10:13:55+00:00","article_modified_time":"2026-04-21T14:42:51+00:00","og_image":[{"width":850,"height":565,"url":"https:\/\/panotv.de\/wp-content\/uploads\/2026\/03\/Blog_Micro-Targeting-im-lokalen-Marketing_v1.webp","type":"image\/webp"}],"author":"eo-admin","twitter_card":"summary_large_image","twitter_misc":{"Yazan:":"eo-admin","Tahmini okuma s\u00fcresi":"6 dakika"},"schema":{"@context":"https:\/\/schema.org","@graph":[{"@type":"WebPage","@id":"https:\/\/panotv.de\/tr\/blog\/yerel-pazarlamada-mikro-hedefleme-kuecuek-topluluklar-ekonomik-acidan-neden-bu-kadar-ilgi-cekicidir\/","url":"https:\/\/panotv.de\/tr\/blog\/yerel-pazarlamada-mikro-hedefleme-kuecuek-topluluklar-ekonomik-acidan-neden-bu-kadar-ilgi-cekicidir\/","name":"Pazarlamada Mikro Hedefleme: Yerel firmalar i\u00e7in f\u0131rsatlar","isPartOf":{"@id":"https:\/\/panotv.de\/tr\/#website"},"primaryImageOfPage":{"@id":"https:\/\/panotv.de\/tr\/blog\/yerel-pazarlamada-mikro-hedefleme-kuecuek-topluluklar-ekonomik-acidan-neden-bu-kadar-ilgi-cekicidir\/#primaryimage"},"image":{"@id":"https:\/\/panotv.de\/tr\/blog\/yerel-pazarlamada-mikro-hedefleme-kuecuek-topluluklar-ekonomik-acidan-neden-bu-kadar-ilgi-cekicidir\/#primaryimage"},"thumbnailUrl":"https:\/\/panotv.de\/wp-content\/uploads\/2026\/03\/Blog_Micro-Targeting-im-lokalen-Marketing_v1.webp","datePublished":"2026-03-26T10:13:55+00:00","dateModified":"2026-04-21T14:42:51+00:00","author":{"@id":"https:\/\/panotv.de\/tr\/#\/schema\/person\/37950197a07c05516eef50c702ce5e27"},"description":"K\u00fc\u00e7\u00fck topluluklar, reklam veren \u015firketler i\u00e7in ilgi \u00e7ekicidir \u00e7\u00fcnk\u00fc daha az reklam israf\u0131 olu\u015fur. Mikro hedefleme hakk\u0131nda daha fazlas\u0131n\u0131 buradan okuyunuz.","breadcrumb":{"@id":"https:\/\/panotv.de\/tr\/blog\/yerel-pazarlamada-mikro-hedefleme-kuecuek-topluluklar-ekonomik-acidan-neden-bu-kadar-ilgi-cekicidir\/#breadcrumb"},"inLanguage":"tr","potentialAction":[{"@type":"ReadAction","target":["https:\/\/panotv.de\/tr\/blog\/yerel-pazarlamada-mikro-hedefleme-kuecuek-topluluklar-ekonomik-acidan-neden-bu-kadar-ilgi-cekicidir\/"]}]},{"@type":"ImageObject","inLanguage":"tr","@id":"https:\/\/panotv.de\/tr\/blog\/yerel-pazarlamada-mikro-hedefleme-kuecuek-topluluklar-ekonomik-acidan-neden-bu-kadar-ilgi-cekicidir\/#primaryimage","url":"https:\/\/panotv.de\/wp-content\/uploads\/2026\/03\/Blog_Micro-Targeting-im-lokalen-Marketing_v1.webp","contentUrl":"https:\/\/panotv.de\/wp-content\/uploads\/2026\/03\/Blog_Micro-Targeting-im-lokalen-Marketing_v1.webp","width":850,"height":565,"caption":"Yerel s\u00fcpermarkette mikro hedefleme i\u00e7in Pano TV dijital reklam ekran\u0131"},{"@type":"BreadcrumbList","@id":"https:\/\/panotv.de\/tr\/blog\/yerel-pazarlamada-mikro-hedefleme-kuecuek-topluluklar-ekonomik-acidan-neden-bu-kadar-ilgi-cekicidir\/#breadcrumb","itemListElement":[{"@type":"ListItem","position":1,"name":"Ana sayfa","item":"https:\/\/panotv.de\/tr\/"},{"@type":"ListItem","position":2,"name":"Yerel Pazarlamada Mikro Hedefleme: K\u00fc\u00e7\u00fck topluluklar ekonomik a\u00e7\u0131dan neden bu kadar ilgi \u00e7ekicidir?"}]},{"@type":"WebSite","@id":"https:\/\/panotv.de\/tr\/#website","url":"https:\/\/panotv.de\/tr\/","name":"PanoTv","description":"","potentialAction":[{"@type":"SearchAction","target":{"@type":"EntryPoint","urlTemplate":"https:\/\/panotv.de\/tr\/?s={search_term_string}"},"query-input":{"@type":"PropertyValueSpecification","valueRequired":true,"valueName":"search_term_string"}}],"inLanguage":"tr"},{"@type":"Person","@id":"https:\/\/panotv.de\/tr\/#\/schema\/person\/37950197a07c05516eef50c702ce5e27","name":"eo-admin","image":{"@type":"ImageObject","inLanguage":"tr","@id":"https:\/\/panotv.de\/tr\/#\/schema\/person\/image\/","url":"https:\/\/secure.gravatar.com\/avatar\/25a7e858a7a3c651a8899cbe1bfb982846202615f33a51d4fbac4c29c407f159?s=96&d=mm&r=g","contentUrl":"https:\/\/secure.gravatar.com\/avatar\/25a7e858a7a3c651a8899cbe1bfb982846202615f33a51d4fbac4c29c407f159?s=96&d=mm&r=g","caption":"eo-admin"},"url":"https:\/\/panotv.de\/tr\/blog\/author\/eo-admin\/"}]}},"_links":{"self":[{"href":"https:\/\/panotv.de\/tr\/wp-json\/wp\/v2\/posts\/1911","targetHints":{"allow":["GET"]}}],"collection":[{"href":"https:\/\/panotv.de\/tr\/wp-json\/wp\/v2\/posts"}],"about":[{"href":"https:\/\/panotv.de\/tr\/wp-json\/wp\/v2\/types\/post"}],"author":[{"embeddable":true,"href":"https:\/\/panotv.de\/tr\/wp-json\/wp\/v2\/users\/4"}],"replies":[{"embeddable":true,"href":"https:\/\/panotv.de\/tr\/wp-json\/wp\/v2\/comments?post=1911"}],"version-history":[{"count":1,"href":"https:\/\/panotv.de\/tr\/wp-json\/wp\/v2\/posts\/1911\/revisions"}],"predecessor-version":[{"id":1928,"href":"https:\/\/panotv.de\/tr\/wp-json\/wp\/v2\/posts\/1911\/revisions\/1928"}],"wp:featuredmedia":[{"embeddable":true,"href":"https:\/\/panotv.de\/tr\/wp-json\/wp\/v2\/media\/1910"}],"wp:attachment":[{"href":"https:\/\/panotv.de\/tr\/wp-json\/wp\/v2\/media?parent=1911"}],"wp:term":[{"taxonomy":"category","embeddable":true,"href":"https:\/\/panotv.de\/tr\/wp-json\/wp\/v2\/categories?post=1911"},{"taxonomy":"post_tag","embeddable":true,"href":"https:\/\/panotv.de\/tr\/wp-json\/wp\/v2\/tags?post=1911"}],"curies":[{"name":"wp","href":"https:\/\/api.w.org\/{rel}","templated":true}]}}