{"id":1925,"date":"2026-02-26T11:51:38","date_gmt":"2026-02-26T10:51:38","guid":{"rendered":"https:\/\/panotv.de\/?p=1925"},"modified":"2026-03-30T20:13:59","modified_gmt":"2026-03-30T18:13:59","slug":"reklamcilikta-kueltuerel-oezellikler-goersel-dil-ve-degerler-neden-basariyi-belirler","status":"publish","type":"post","link":"https:\/\/panotv.de\/tr\/blog\/reklamcilikta-kueltuerel-oezellikler-goersel-dil-ve-degerler-neden-basariyi-belirler\/","title":{"rendered":"Reklamc\u0131l\u0131kta K\u00fclt\u00fcrel \u00d6zellikler \u2013 G\u00f6rsel Dil ve De\u011ferler Neden Ba\u015far\u0131y\u0131 Belirler?"},"content":{"rendered":"<p>Reklam asla tarafs\u0131z de\u011fildir. Hedef kitlenin k\u00fclt\u00fcrel arka plan\u0131na ba\u011fl\u0131 olarak farkl\u0131 alg\u0131lanan imgeler, de\u011ferler ve mesajlar ta\u015f\u0131r. Bir ortamda modern, g\u00fcvenilir veya sempatik kabul edilen bir \u015fey, ba\u015fka bir ortamda olduk\u00e7a uygunsuz g\u00f6r\u00fcnebilir. \u00d6zellikle Berlin gibi k\u00fclt\u00fcrel \u00e7e\u015fitlili\u011fe sahip \u015fehirlerde, bir kampanyan\u0131n <strong>ba\u015far\u0131s\u0131n\u0131<\/strong> sadece <strong>eri\u015fim ve konumland\u0131rma<\/strong> de\u011fil, onun uygunlu\u011fu (alakas\u0131) belirler. Hedef kitlesinin k\u00fclt\u00fcrel \u00f6zelliklerini anlayan ve mesajlar\u0131ndaki g\u00f6rsel dil ile tonlamada bunlar\u0131 dikkate alan ki\u015fi, <strong>ger\u00e7ek ilgi ve s\u00fcrd\u00fcr\u00fclebilir g\u00fcven<\/strong> i\u00e7in en iyi \u00f6n ko\u015fulu yaratm\u0131\u015f olur.    <\/p>\n<h2>Reklamda k\u00fclt\u00fcrel uygunlu\u011fun neden s\u0131k s\u0131k hafife al\u0131nd\u0131\u011f\u0131<\/h2>\n<p>Bir\u00e7ok reklam kampanyas\u0131 bir kez geli\u015ftirilir ve ard\u0131ndan geni\u015f \u00e7apta uygulan\u0131r. Bunun arkas\u0131nda, m\u00fcmk\u00fcn oldu\u011funca \u00e7ok insana ayn\u0131 anda ula\u015fma amac\u0131 yatar. <strong>K\u00fcresel g\u00f6rsel d\u00fcnyalar ve standartla\u015ft\u0131r\u0131lm\u0131\u015f mesajlar\u0131n<\/strong> hem kalabal\u0131k bir yaya b\u00f6lgesinde hem de bir kafede veya dini a\u00e7\u0131dan \u015fekillenmi\u015f bir ortamda evrensel olarak i\u015flemesi ama\u00e7lan\u0131r. Ancak uygulamada bu mesajlar, kendi de\u011ferleri, g\u00f6rsel al\u0131\u015fkanl\u0131klar\u0131 ve beklentileri olan <a href=\"https:\/\/panotv.de\/tr\/blog\/yerel-markalari-gueclendirmek-kuecuek-isletmeler-etnomarketing-ile-nasil-bueyuer\/\">yerel topluluklar<\/a> ile kar\u015f\u0131la\u015f\u0131r.  <\/p>\n<p>Tam olarak burada bir bo\u015fluk olu\u015fur. E\u011fer g\u00f6rsel dil, <strong>kelimeler veya sunulan ya\u015fam ger\u00e7eklikleri<\/strong> hedef kitlenin ya\u015fam d\u00fcnyas\u0131na uymazsa, kendilerini bununla \u00f6zde\u015fle\u015ftirmezler. Mesaj her ne kadar g\u00f6r\u00fclse de ilgili\/alakal\u0131 olarak alg\u0131lanmaz.  <\/p>\n<p>Bu <strong>k\u00fclt\u00fcrel mesafe, reklam\u0131n hedef kitleye ula\u015famamas\u0131na yol a\u00e7ar<\/strong>. Eri\u015fim y\u00fcksek olabilir ancak ger\u00e7ek etki d\u00fc\u015f\u00fckt\u00fcr. K\u00fclt\u00fcrel \u00f6zellikleri dikkate almayan ki\u015fi, reklam\u0131n\u0131n duygusal olarak kar\u015f\u0131l\u0131k bulmamas\u0131 ve b\u00f6ylece neredeyse etkisiz kal\u0131p bo\u015fa gitmesi riskini g\u00f6ze al\u0131r.  <\/p>\n<h2>K\u00fclt\u00fcrel kod olarak g\u00f6rsel dil<\/h2>\n<p><strong>G\u00f6rseller, alg\u0131land\u0131klar\u0131 anda do\u011frudan etki ederler<\/strong>. Genellikle bilin\u00e7alt\u0131nda de\u011ferleri, rol modelleri ve toplumsal tasavvurlar\u0131 aktar\u0131rlar. \u00d6zellikle k\u00fclt\u00fcrel a\u00e7\u0131dan \u00e7e\u015fitli <a href=\"https:\/\/panotv.de\/#zielgruppen\">hedef kitlelerde<\/a>, g\u00f6rsel tasar\u0131m insanlar\u0131n kendilerine hitap edildi\u011fini hissedip hissetmeyeceklerine karar verir. <a href=\"https:\/\/www.absatzwirtschaft.de\/so-wichtig-ist-die-bildsprache-fuer-marken-und-ihre-kommunikation-247197\/\">G\u00f6rsel dil<\/a> dekoratif bir unsur de\u011fil, k\u00fclt\u00fcrel bir koddur.  <\/p>\n<p><strong>Bir \u00f6rnek:<\/strong> <em>Bir ilan, kariyer ve ba\u015far\u0131n\u0131n sembol\u00fc olarak olduk\u00e7a bireyselle\u015fmi\u015f bir ki\u015fiyi resmeder; bu, bireysel odakl\u0131, kariyer hedefli hedef kitlelerde \u00e7ok iyi i\u015fleyebilir. Buna kar\u015f\u0131l\u0131k, topluluk odakl\u0131 \u00e7evrelerde, aile veya birka\u00e7 nesli i\u00e7eren bir motif genellikle daha yak\u0131n ve g\u00fcven verici bir etki yarat\u0131r, \u00e7\u00fcnk\u00fc beraberli\u011fi ve sosyal ba\u011fl\u0131l\u0131\u011f\u0131 vurgular.<\/em><\/p>\n<p><strong>G\u00f6rsel dil se\u00e7imi i\u00e7in \u00f6nemli hususlar \u015funlard\u0131r:<\/strong><\/p>\n<ul>\n<li><strong>Renkler ve anlamlar\u0131:<\/strong> <a href=\"https:\/\/www.business-wissen.de\/artikel\/die-wirkung-von-farben-in-marketing-und-werbung\/\">Renkler reklamc\u0131l\u0131kta<\/a> k\u00fclt\u00fcrel olarak farkl\u0131 yorumlan\u0131r. Beyaz, bat\u0131 k\u00fclt\u00fcrlerinde s\u0131kl\u0131kla safl\u0131kla ili\u015fkilendirilirken, di\u011fer ba\u011flamlarda yas ile ba\u011flant\u0131l\u0131d\u0131r. Alt\u0131n ve ye\u015fil tonlar\u0131 da k\u00fclt\u00fcre ba\u011fl\u0131 olarak refah, gelenek veya maneviyat\u0131 temsil edebilir.  <\/li>\n<li><strong>Sembolizm ve v\u00fccut dili:<\/strong> Jestler, g\u00f6z temas\u0131 veya v\u00fccut duru\u015fu mesajlar iletir. Tek bir ki\u015finin kendine g\u00fcvenen duru\u015fu, bireysel \u00f6zelliklerin \u00f6n planda oldu\u011fu toplumlarda olumlu bir etki b\u0131rak\u0131rken; topluluk odakl\u0131 k\u00fclt\u00fcrlerde uyum ve tevazu sembol olarak daha fazla takdir edilir. <\/li>\n<li><strong>K\u0131yafet, jest ve yak\u0131nl\u0131k-mesafe:<\/strong> K\u0131yafet aidiyet ve de\u011ferlerin sinyalini verir. Ki\u015filer aras\u0131ndaki fiziksel temas veya mekansal mesafe gibi yak\u0131nl\u0131k tasvirleri de k\u00fclt\u00fcrel olarak farkl\u0131 alg\u0131lan\u0131r. <\/li>\n<\/ul>\n<p><img fetchpriority=\"high\" decoding=\"async\" class=\"aligncenter wp-image-1916 size-full\" src=\"https:\/\/panotv.de\/wp-content\/uploads\/2026\/03\/Blog_Kulturelle-Besonderheiten-in-der-Werbung_v2.webp\" alt=\"Berlin\u2019de s\u00fcpermarkette ekranda dijital reklam.\" width=\"850\" height=\"300\" srcset=\"https:\/\/panotv.de\/wp-content\/uploads\/2026\/03\/Blog_Kulturelle-Besonderheiten-in-der-Werbung_v2.webp 850w, https:\/\/panotv.de\/wp-content\/uploads\/2026\/03\/Blog_Kulturelle-Besonderheiten-in-der-Werbung_v2-300x106.webp 300w, https:\/\/panotv.de\/wp-content\/uploads\/2026\/03\/Blog_Kulturelle-Besonderheiten-in-der-Werbung_v2-768x271.webp 768w\" sizes=\"(max-width: 850px) 100vw, 850px\" \/><\/p>\n<h2>Reklamlar bilin\u00e7li veya bilin\u00e7sizce hangi de\u011ferleri ta\u015f\u0131r?<\/h2>\n<p><strong>Reklam sadece bir \u00fcr\u00fcn vaadi iletmekle kalmaz<\/strong>, her zaman bir <strong>tutum<\/strong> da iletir. Her mesaj; neyin arzu edilir, normal veya ba\u015far\u0131l\u0131 say\u0131ld\u0131\u011f\u0131na dair \u00fcst\u00fc kapal\u0131 ifadeler i\u00e7erir. Bu noktada k\u00fclt\u00fcrel <strong>de\u011fer yarg\u0131lar\u0131<\/strong> merkezi bir rol oynar.  <\/p>\n<p>Baz\u0131 hedef kitlelerde maksimum bireysellik arzu edilen \u015fey olarak kabul edilir. Bu k\u00fclt\u00fcrlerdeki hedefler; kendini ger\u00e7ekle\u015ftirme, ki\u015fisel \u00f6zg\u00fcrl\u00fck ve ba\u011f\u0131ms\u0131zl\u0131kt\u0131r. Di\u011fer ba\u011flamlarda ise aksine topluluk, beraberlik ve sosyal sorumluluk en y\u00fcksek de\u011ferdir.  <\/p>\n<p>Ayn\u0131 zamanda <strong>gelenek ve modernlik aras\u0131ndaki ili\u015fki<\/strong> de k\u00fclt\u00fcrel olarak \u015fekillenmi\u015ftir. Baz\u0131 \u00e7evreler inovasyon ve ilerlemeyi merkeze al\u0131rken, di\u011ferleri s\u00fcreklili\u011fe, k\u00f6kenlere ve kendini kan\u0131tlam\u0131\u015f de\u011ferlere b\u00fcy\u00fck \u00f6nem verir. <\/p>\n<p>Ayn\u0131 \u015fekilde otorite ve sayg\u0131 kavramlar\u0131 da reklam alg\u0131s\u0131n\u0131 etkiler. Tonlama, g\u00f6rsel se\u00e7imi ve sunulan hiyerar\u015filer ya yak\u0131nl\u0131k kurabilir ya da mesafe yaratabilir. Ailenin, dini referanslar\u0131n veya k\u00fclt\u00fcrel k\u00f6kenin rol\u00fc de ayn\u0131 \u015fekilde bir de\u011fer ba\u011flam\u0131n\u0131n par\u00e7as\u0131d\u0131r.  <\/p>\n<h2>\u00dcr\u00fcn reklamc\u0131l\u0131\u011f\u0131nda bir g\u00fcven fakt\u00f6r\u00fc olarak dil<\/h2>\n<p>Bir reklam <strong>mesaj\u0131 bir hedef kitlenin ana dilinde iletildi\u011finde<\/strong>, bu do\u011frudan bir yak\u0131nl\u0131k kurar ve de\u011fer verildi\u011fini g\u00f6sterir. Ana dil, saf bilgi aktar\u0131m\u0131n\u0131n \u00e7ok \u00f6tesine ge\u00e7en bir a\u015final\u0131k duygusu yarat\u0131r. <\/p>\n<p><strong>\u00c7ok dilli kampanyalar<\/strong> bu nedenle, \u00f6zellikle k\u00fclt\u00fcrel a\u00e7\u0131dan \u00e7e\u015fitli semtlerde bir k\u00f6pr\u00fc kurabilir. Burada konu sadece saf bir \u00e7eviri de\u011fil, i\u00e7eri\u011fin uyarlanmas\u0131d\u0131r. Kelime se\u00e7imi, c\u00fcmle yap\u0131s\u0131 ve ifade bi\u00e7imi, otantik bir etki yaratmak i\u00e7in her zaman ilgili toplulu\u011fa uygun hale getirilmelidir.  <\/p>\n<p>Tonalite de bir rol oynar.  <\/p>\n<h2>K\u00fclt\u00fcrel olarak uyarlanm\u0131\u015f reklam\u0131n neden daha y\u00fcksek ilgi uyand\u0131rd\u0131\u011f\u0131<\/h2>\n<p><strong>Reklamda ilgi,<\/strong> <strong>uygunluk sayesinde olu\u015fur<\/strong>. \u0130nsanlar kendilerini bir mesajda bulduklar\u0131nda, bu mesaj\u0131 bilin\u00e7li olarak alg\u0131lama ve i\u015fleme olas\u0131l\u0131klar\u0131 artar. <a href=\"https:\/\/panotv.de\/tr\/blog\/etnik-pazarlama-nedir-ve-guenuemuezde-neden-her-zamankinden-daha-oenemli\/\">Etnopazarlama<\/a>, tan\u0131d\u0131k gelen ya\u015fam ger\u00e7ekliklerini yans\u0131tt\u0131\u011f\u0131 i\u00e7in tam olarak bu tan\u0131n\u0131rl\u0131k de\u011ferini yarat\u0131r. <\/p>\n<p>Bu aidiyet duygusu markaya olan g\u00fcveni g\u00fc\u00e7lendirir. Bir hedef kitleye sayg\u0131l\u0131 ve uygun \u015fekilde hitap edildi\u011finde, anla\u015f\u0131lma izlenimi olu\u015fur. Psikolojik a\u00e7\u0131dan bu durum, <strong>teklifle daha yak\u0131ndan ilgilenme iste\u011fini art\u0131r\u0131r.<\/strong>  <\/p>\n<h2>Pano TV&#8217;nin k\u00fclt\u00fcrel yak\u0131nl\u0131\u011f\u0131 uygulamada nas\u0131l hayata ge\u00e7irdi\u011fi<\/h2>\n<p><strong>K\u00fclt\u00fcrel ba\u011fl\u0131l\u0131k<\/strong>, reklam mesajlar\u0131 hedeflenerek yerle\u015ftirildi\u011finde ortaya \u00e7\u0131kar. Pano TV, s\u00fcpermarketler, kafeler veya insanlar\u0131n g\u00fcnl\u00fck ya\u015fam\u0131na s\u0131k\u0131 s\u0131k\u0131ya ba\u011fl\u0131 olan <a href=\"https:\/\/panotv.de\/#standorte\">bulu\u015fma noktalar\u0131<\/a> gibi k\u00fclt\u00fcrel dokusu belirgin topluluklar i\u00e7indeki mekanlar\u0131n bilin\u00e7li se\u00e7imine odaklan\u0131r. <\/p>\n<p>Kampanyalar\u0131n i\u00e7erik ve g\u00f6rsel tasar\u0131m\u0131nda \u00e7evre fakt\u00f6r\u00fc dikkate al\u0131n\u0131r. K\u00fclt\u00fcrel a\u00e7\u0131dan uygun bir alanda yay\u0131nlanan reklamlar, orada d\u00fczenli olarak vakit ge\u00e7iren ve ilgili mesajlara a\u00e7\u0131k olan bir kitleyle bulu\u015fur. <\/p>\n<p>Pano TV; <strong>g\u00f6rseli, dili ve ba\u011flam\u0131<\/strong> bir araya getirerek uyumlu bir genel g\u00f6r\u00fcn\u00fcm sunar. <a href=\"https:\/\/panotv.de\/tr\/ortak-konum-olun\/\">\u0130\u015f orta\u011f\u0131 lokasyonu<\/a> olmak veya <a href=\"https:\/\/panotv.de\/#kontakt\">hemen reklam vermek<\/a> isteyenler, <a href=\"https:\/\/panotv.de\/#preise\">fiyatlar<\/a> ve <a href=\"https:\/\/panotv.de\/#referenzen\">referanslar<\/a> hakk\u0131ndaki gerekli t\u00fcm bilgilere web sitesinden ula\u015fabilir. <\/p>\n","protected":false},"excerpt":{"rendered":"<p>Reklam asla tarafs\u0131z de\u011fildir. Hedef kitlenin k\u00fclt\u00fcrel arka plan\u0131na ba\u011fl\u0131 olarak farkl\u0131 alg\u0131lanan imgeler, de\u011ferler ve mesajlar ta\u015f\u0131r. Bir ortamda modern, g\u00fcvenilir veya sempatik kabul edilen bir \u015fey, ba\u015fka bir ortamda olduk\u00e7a uygunsuz g\u00f6r\u00fcnebilir. \u00d6zellikle Berlin gibi k\u00fclt\u00fcrel \u00e7e\u015fitlili\u011fe sahip \u015fehirlerde, bir kampanyan\u0131n ba\u015far\u0131s\u0131n\u0131 sadece eri\u015fim ve konumland\u0131rma de\u011fil, onun uygunlu\u011fu (alakas\u0131) belirler. Hedef kitlesinin [&hellip;]<\/p>\n","protected":false},"author":4,"featured_media":1924,"comment_status":"open","ping_status":"open","sticky":false,"template":"","format":"standard","meta":{"footnotes":""},"categories":[14],"tags":[],"class_list":["post-1925","post","type-post","status-publish","format-standard","has-post-thumbnail","hentry","category-uncategorized-tr"],"yoast_head":"<!-- This site is optimized with the Yoast SEO plugin v25.9 - https:\/\/yoast.com\/wordpress\/plugins\/seo\/ -->\n<title>Reklamc\u0131l\u0131kta k\u00fclt\u00fcrel \u00f6zellikler bu kadar \u00f6nemlidir<\/title>\n<meta name=\"description\" content=\"Reklam\u0131n g\u00f6rselleri, dili ve ba\u011flam\u0131 k\u00fclt\u00fcrel yak\u0131nl\u0131k olu\u015fturur. Pano TV, markalar\u0131 ilgili topluluklar i\u00e7inde bu \u015fekilde g\u00f6r\u00fcn\u00fcr k\u0131lar.\" \/>\n<meta name=\"robots\" content=\"index, follow, max-snippet:-1, max-image-preview:large, max-video-preview:-1\" \/>\n<link rel=\"canonical\" href=\"https:\/\/panotv.de\/tr\/blog\/reklamcilikta-kueltuerel-oezellikler-goersel-dil-ve-degerler-neden-basariyi-belirler\/\" \/>\n<meta property=\"og:locale\" content=\"tr_TR\" \/>\n<meta property=\"og:type\" content=\"article\" \/>\n<meta property=\"og:title\" content=\"Reklamc\u0131l\u0131kta k\u00fclt\u00fcrel \u00f6zellikler bu kadar \u00f6nemlidir\" \/>\n<meta property=\"og:description\" content=\"Reklam\u0131n g\u00f6rselleri, dili ve ba\u011flam\u0131 k\u00fclt\u00fcrel yak\u0131nl\u0131k olu\u015fturur. Pano TV, markalar\u0131 ilgili topluluklar i\u00e7inde bu \u015fekilde g\u00f6r\u00fcn\u00fcr k\u0131lar.\" \/>\n<meta property=\"og:url\" content=\"https:\/\/panotv.de\/tr\/blog\/reklamcilikta-kueltuerel-oezellikler-goersel-dil-ve-degerler-neden-basariyi-belirler\/\" \/>\n<meta property=\"og:site_name\" content=\"Pano Tv\" \/>\n<meta property=\"article:published_time\" content=\"2026-02-26T10:51:38+00:00\" \/>\n<meta property=\"article:modified_time\" content=\"2026-03-30T18:13:59+00:00\" \/>\n<meta property=\"og:image\" content=\"https:\/\/panotv.de\/wp-content\/uploads\/2026\/03\/Blog_Kulturelle-Besonderheiten-in-der-Werbung_v1.webp\" \/>\n\t<meta property=\"og:image:width\" content=\"850\" \/>\n\t<meta property=\"og:image:height\" content=\"565\" \/>\n\t<meta property=\"og:image:type\" content=\"image\/webp\" \/>\n<meta name=\"author\" content=\"eo-admin\" \/>\n<meta name=\"twitter:card\" content=\"summary_large_image\" \/>\n<meta name=\"twitter:label1\" content=\"Yazan:\" \/>\n\t<meta name=\"twitter:data1\" content=\"eo-admin\" \/>\n\t<meta name=\"twitter:label2\" content=\"Tahmini okuma s\u00fcresi\" \/>\n\t<meta name=\"twitter:data2\" content=\"6 dakika\" \/>\n<script type=\"application\/ld+json\" class=\"yoast-schema-graph\">{\"@context\":\"https:\/\/schema.org\",\"@graph\":[{\"@type\":\"WebPage\",\"@id\":\"https:\/\/panotv.de\/tr\/blog\/reklamcilikta-kueltuerel-oezellikler-goersel-dil-ve-degerler-neden-basariyi-belirler\/\",\"url\":\"https:\/\/panotv.de\/tr\/blog\/reklamcilikta-kueltuerel-oezellikler-goersel-dil-ve-degerler-neden-basariyi-belirler\/\",\"name\":\"Reklamc\u0131l\u0131kta k\u00fclt\u00fcrel \u00f6zellikler bu kadar \u00f6nemlidir\",\"isPartOf\":{\"@id\":\"https:\/\/panotv.de\/tr\/#website\"},\"primaryImageOfPage\":{\"@id\":\"https:\/\/panotv.de\/tr\/blog\/reklamcilikta-kueltuerel-oezellikler-goersel-dil-ve-degerler-neden-basariyi-belirler\/#primaryimage\"},\"image\":{\"@id\":\"https:\/\/panotv.de\/tr\/blog\/reklamcilikta-kueltuerel-oezellikler-goersel-dil-ve-degerler-neden-basariyi-belirler\/#primaryimage\"},\"thumbnailUrl\":\"https:\/\/panotv.de\/wp-content\/uploads\/2026\/03\/Blog_Kulturelle-Besonderheiten-in-der-Werbung_v1.webp\",\"datePublished\":\"2026-02-26T10:51:38+00:00\",\"dateModified\":\"2026-03-30T18:13:59+00:00\",\"author\":{\"@id\":\"https:\/\/panotv.de\/tr\/#\/schema\/person\/37950197a07c05516eef50c702ce5e27\"},\"description\":\"Reklam\u0131n g\u00f6rselleri, dili ve ba\u011flam\u0131 k\u00fclt\u00fcrel yak\u0131nl\u0131k olu\u015fturur. Pano TV, markalar\u0131 ilgili topluluklar i\u00e7inde bu \u015fekilde g\u00f6r\u00fcn\u00fcr k\u0131lar.\",\"breadcrumb\":{\"@id\":\"https:\/\/panotv.de\/tr\/blog\/reklamcilikta-kueltuerel-oezellikler-goersel-dil-ve-degerler-neden-basariyi-belirler\/#breadcrumb\"},\"inLanguage\":\"tr\",\"potentialAction\":[{\"@type\":\"ReadAction\",\"target\":[\"https:\/\/panotv.de\/tr\/blog\/reklamcilikta-kueltuerel-oezellikler-goersel-dil-ve-degerler-neden-basariyi-belirler\/\"]}]},{\"@type\":\"ImageObject\",\"inLanguage\":\"tr\",\"@id\":\"https:\/\/panotv.de\/tr\/blog\/reklamcilikta-kueltuerel-oezellikler-goersel-dil-ve-degerler-neden-basariyi-belirler\/#primaryimage\",\"url\":\"https:\/\/panotv.de\/wp-content\/uploads\/2026\/03\/Blog_Kulturelle-Besonderheiten-in-der-Werbung_v1.webp\",\"contentUrl\":\"https:\/\/panotv.de\/wp-content\/uploads\/2026\/03\/Blog_Kulturelle-Besonderheiten-in-der-Werbung_v1.webp\",\"width\":850,\"height\":565,\"caption\":\"Berlin\u2019de g\u00fcnl\u00fck hayatta k\u00fclt\u00fcrel \u00e7e\u015fitlili\u011fin bir \u00f6rne\u011fi olarak sokak sahnesi.\"},{\"@type\":\"BreadcrumbList\",\"@id\":\"https:\/\/panotv.de\/tr\/blog\/reklamcilikta-kueltuerel-oezellikler-goersel-dil-ve-degerler-neden-basariyi-belirler\/#breadcrumb\",\"itemListElement\":[{\"@type\":\"ListItem\",\"position\":1,\"name\":\"Ana sayfa\",\"item\":\"https:\/\/panotv.de\/tr\/\"},{\"@type\":\"ListItem\",\"position\":2,\"name\":\"Privat: Reklamc\u0131l\u0131kta K\u00fclt\u00fcrel \u00d6zellikler \u2013 G\u00f6rsel Dil ve De\u011ferler Neden Ba\u015far\u0131y\u0131 Belirler?\"}]},{\"@type\":\"WebSite\",\"@id\":\"https:\/\/panotv.de\/tr\/#website\",\"url\":\"https:\/\/panotv.de\/tr\/\",\"name\":\"PanoTv\",\"description\":\"\",\"potentialAction\":[{\"@type\":\"SearchAction\",\"target\":{\"@type\":\"EntryPoint\",\"urlTemplate\":\"https:\/\/panotv.de\/tr\/?s={search_term_string}\"},\"query-input\":{\"@type\":\"PropertyValueSpecification\",\"valueRequired\":true,\"valueName\":\"search_term_string\"}}],\"inLanguage\":\"tr\"},{\"@type\":\"Person\",\"@id\":\"https:\/\/panotv.de\/tr\/#\/schema\/person\/37950197a07c05516eef50c702ce5e27\",\"name\":\"eo-admin\",\"image\":{\"@type\":\"ImageObject\",\"inLanguage\":\"tr\",\"@id\":\"https:\/\/panotv.de\/tr\/#\/schema\/person\/image\/\",\"url\":\"https:\/\/secure.gravatar.com\/avatar\/25a7e858a7a3c651a8899cbe1bfb982846202615f33a51d4fbac4c29c407f159?s=96&d=mm&r=g\",\"contentUrl\":\"https:\/\/secure.gravatar.com\/avatar\/25a7e858a7a3c651a8899cbe1bfb982846202615f33a51d4fbac4c29c407f159?s=96&d=mm&r=g\",\"caption\":\"eo-admin\"},\"url\":\"https:\/\/panotv.de\/tr\/blog\/author\/eo-admin\/\"}]}<\/script>\n<!-- \/ Yoast SEO plugin. -->","yoast_head_json":{"title":"Reklamc\u0131l\u0131kta k\u00fclt\u00fcrel \u00f6zellikler bu kadar \u00f6nemlidir","description":"Reklam\u0131n g\u00f6rselleri, dili ve ba\u011flam\u0131 k\u00fclt\u00fcrel yak\u0131nl\u0131k olu\u015fturur. Pano TV, markalar\u0131 ilgili topluluklar i\u00e7inde bu \u015fekilde g\u00f6r\u00fcn\u00fcr k\u0131lar.","robots":{"index":"index","follow":"follow","max-snippet":"max-snippet:-1","max-image-preview":"max-image-preview:large","max-video-preview":"max-video-preview:-1"},"canonical":"https:\/\/panotv.de\/tr\/blog\/reklamcilikta-kueltuerel-oezellikler-goersel-dil-ve-degerler-neden-basariyi-belirler\/","og_locale":"tr_TR","og_type":"article","og_title":"Reklamc\u0131l\u0131kta k\u00fclt\u00fcrel \u00f6zellikler bu kadar \u00f6nemlidir","og_description":"Reklam\u0131n g\u00f6rselleri, dili ve ba\u011flam\u0131 k\u00fclt\u00fcrel yak\u0131nl\u0131k olu\u015fturur. Pano TV, markalar\u0131 ilgili topluluklar i\u00e7inde bu \u015fekilde g\u00f6r\u00fcn\u00fcr k\u0131lar.","og_url":"https:\/\/panotv.de\/tr\/blog\/reklamcilikta-kueltuerel-oezellikler-goersel-dil-ve-degerler-neden-basariyi-belirler\/","og_site_name":"Pano Tv","article_published_time":"2026-02-26T10:51:38+00:00","article_modified_time":"2026-03-30T18:13:59+00:00","og_image":[{"width":850,"height":565,"url":"https:\/\/panotv.de\/wp-content\/uploads\/2026\/03\/Blog_Kulturelle-Besonderheiten-in-der-Werbung_v1.webp","type":"image\/webp"}],"author":"eo-admin","twitter_card":"summary_large_image","twitter_misc":{"Yazan:":"eo-admin","Tahmini okuma s\u00fcresi":"6 dakika"},"schema":{"@context":"https:\/\/schema.org","@graph":[{"@type":"WebPage","@id":"https:\/\/panotv.de\/tr\/blog\/reklamcilikta-kueltuerel-oezellikler-goersel-dil-ve-degerler-neden-basariyi-belirler\/","url":"https:\/\/panotv.de\/tr\/blog\/reklamcilikta-kueltuerel-oezellikler-goersel-dil-ve-degerler-neden-basariyi-belirler\/","name":"Reklamc\u0131l\u0131kta k\u00fclt\u00fcrel \u00f6zellikler bu kadar \u00f6nemlidir","isPartOf":{"@id":"https:\/\/panotv.de\/tr\/#website"},"primaryImageOfPage":{"@id":"https:\/\/panotv.de\/tr\/blog\/reklamcilikta-kueltuerel-oezellikler-goersel-dil-ve-degerler-neden-basariyi-belirler\/#primaryimage"},"image":{"@id":"https:\/\/panotv.de\/tr\/blog\/reklamcilikta-kueltuerel-oezellikler-goersel-dil-ve-degerler-neden-basariyi-belirler\/#primaryimage"},"thumbnailUrl":"https:\/\/panotv.de\/wp-content\/uploads\/2026\/03\/Blog_Kulturelle-Besonderheiten-in-der-Werbung_v1.webp","datePublished":"2026-02-26T10:51:38+00:00","dateModified":"2026-03-30T18:13:59+00:00","author":{"@id":"https:\/\/panotv.de\/tr\/#\/schema\/person\/37950197a07c05516eef50c702ce5e27"},"description":"Reklam\u0131n g\u00f6rselleri, dili ve ba\u011flam\u0131 k\u00fclt\u00fcrel yak\u0131nl\u0131k olu\u015fturur. Pano TV, markalar\u0131 ilgili topluluklar i\u00e7inde bu \u015fekilde g\u00f6r\u00fcn\u00fcr k\u0131lar.","breadcrumb":{"@id":"https:\/\/panotv.de\/tr\/blog\/reklamcilikta-kueltuerel-oezellikler-goersel-dil-ve-degerler-neden-basariyi-belirler\/#breadcrumb"},"inLanguage":"tr","potentialAction":[{"@type":"ReadAction","target":["https:\/\/panotv.de\/tr\/blog\/reklamcilikta-kueltuerel-oezellikler-goersel-dil-ve-degerler-neden-basariyi-belirler\/"]}]},{"@type":"ImageObject","inLanguage":"tr","@id":"https:\/\/panotv.de\/tr\/blog\/reklamcilikta-kueltuerel-oezellikler-goersel-dil-ve-degerler-neden-basariyi-belirler\/#primaryimage","url":"https:\/\/panotv.de\/wp-content\/uploads\/2026\/03\/Blog_Kulturelle-Besonderheiten-in-der-Werbung_v1.webp","contentUrl":"https:\/\/panotv.de\/wp-content\/uploads\/2026\/03\/Blog_Kulturelle-Besonderheiten-in-der-Werbung_v1.webp","width":850,"height":565,"caption":"Berlin\u2019de g\u00fcnl\u00fck hayatta k\u00fclt\u00fcrel \u00e7e\u015fitlili\u011fin bir \u00f6rne\u011fi olarak sokak sahnesi."},{"@type":"BreadcrumbList","@id":"https:\/\/panotv.de\/tr\/blog\/reklamcilikta-kueltuerel-oezellikler-goersel-dil-ve-degerler-neden-basariyi-belirler\/#breadcrumb","itemListElement":[{"@type":"ListItem","position":1,"name":"Ana sayfa","item":"https:\/\/panotv.de\/tr\/"},{"@type":"ListItem","position":2,"name":"Privat: Reklamc\u0131l\u0131kta K\u00fclt\u00fcrel \u00d6zellikler \u2013 G\u00f6rsel Dil ve De\u011ferler Neden Ba\u015far\u0131y\u0131 Belirler?"}]},{"@type":"WebSite","@id":"https:\/\/panotv.de\/tr\/#website","url":"https:\/\/panotv.de\/tr\/","name":"PanoTv","description":"","potentialAction":[{"@type":"SearchAction","target":{"@type":"EntryPoint","urlTemplate":"https:\/\/panotv.de\/tr\/?s={search_term_string}"},"query-input":{"@type":"PropertyValueSpecification","valueRequired":true,"valueName":"search_term_string"}}],"inLanguage":"tr"},{"@type":"Person","@id":"https:\/\/panotv.de\/tr\/#\/schema\/person\/37950197a07c05516eef50c702ce5e27","name":"eo-admin","image":{"@type":"ImageObject","inLanguage":"tr","@id":"https:\/\/panotv.de\/tr\/#\/schema\/person\/image\/","url":"https:\/\/secure.gravatar.com\/avatar\/25a7e858a7a3c651a8899cbe1bfb982846202615f33a51d4fbac4c29c407f159?s=96&d=mm&r=g","contentUrl":"https:\/\/secure.gravatar.com\/avatar\/25a7e858a7a3c651a8899cbe1bfb982846202615f33a51d4fbac4c29c407f159?s=96&d=mm&r=g","caption":"eo-admin"},"url":"https:\/\/panotv.de\/tr\/blog\/author\/eo-admin\/"}]}},"_links":{"self":[{"href":"https:\/\/panotv.de\/tr\/wp-json\/wp\/v2\/posts\/1925","targetHints":{"allow":["GET"]}}],"collection":[{"href":"https:\/\/panotv.de\/tr\/wp-json\/wp\/v2\/posts"}],"about":[{"href":"https:\/\/panotv.de\/tr\/wp-json\/wp\/v2\/types\/post"}],"author":[{"embeddable":true,"href":"https:\/\/panotv.de\/tr\/wp-json\/wp\/v2\/users\/4"}],"replies":[{"embeddable":true,"href":"https:\/\/panotv.de\/tr\/wp-json\/wp\/v2\/comments?post=1925"}],"version-history":[{"count":1,"href":"https:\/\/panotv.de\/tr\/wp-json\/wp\/v2\/posts\/1925\/revisions"}],"predecessor-version":[{"id":1933,"href":"https:\/\/panotv.de\/tr\/wp-json\/wp\/v2\/posts\/1925\/revisions\/1933"}],"wp:featuredmedia":[{"embeddable":true,"href":"https:\/\/panotv.de\/tr\/wp-json\/wp\/v2\/media\/1924"}],"wp:attachment":[{"href":"https:\/\/panotv.de\/tr\/wp-json\/wp\/v2\/media?parent=1925"}],"wp:term":[{"taxonomy":"category","embeddable":true,"href":"https:\/\/panotv.de\/tr\/wp-json\/wp\/v2\/categories?post=1925"},{"taxonomy":"post_tag","embeddable":true,"href":"https:\/\/panotv.de\/tr\/wp-json\/wp\/v2\/tags?post=1925"}],"curies":[{"name":"wp","href":"https:\/\/api.w.org\/{rel}","templated":true}]}}